{"id":8087,"date":"2025-10-30T09:21:14","date_gmt":"2025-10-30T08:21:14","guid":{"rendered":"https:\/\/www.hydreco.de\/?p=8087"},"modified":"2025-10-30T09:41:36","modified_gmt":"2025-10-30T08:41:36","slug":"hydreco-hydraulics-daikin-group-auf-der-agritechnica-2025-2","status":"publish","type":"post","link":"https:\/\/www.hydreco.de\/en\/hydreco-hydraulics-daikin-group-auf-der-agritechnica-2025-2\/","title":{"rendered":"Hydreco Hydraulics at Agritechnica 2025"},"content":{"rendered":"<p><\/p>\n\n\n\n<p><strong>Hydreco Hydraulics<\/strong>, part of the Daikin Group and a global specialist in hydraulic and electronic solutions for mobile machinery, will be exhibiting at the&nbsp;<strong>Agritechnica 2025<\/strong>&nbsp;participate (<strong>Hanover, Germany, November 9\u201315, Hall 16 \u2013 Booth C12F<\/strong>, within the Federtec joint stand).<\/p>\n\n\n\n<p>Under the motto<em>\u201eDie Zukunft der Landwirtschaft gestalten<\/em>\u201c Hydreco presents itself as a technological partner for manufacturers of agricultural machinery and offers complete, modular, and customized solutions for the control and management of machines and equipment\u2014with the aim of improving efficiency, precision, and sustainability.<\/p>\n\n\n\n<p>The participation at Agritechnica is part of the path that the entire Daikin Group is pursuing towards the goal of zero environmental impact by 2050, through the development of high-efficiency and low-impact technologies for the machines of the future. Hydreco contributes to this objective by designing solutions that enhance performance and support manufacturers in the ecological and digital transition of the agricultural sector.<\/p>\n\n\n\n<p>The Hydreco portfolio includes components for motion control: pumps, motors, valves, joysticks, cylinders, electronic control units and power units that communicate with each other to offer precision, reliability and integration.&nbsp;<br><\/p>\n\n\n\n<div style=\"height:10px\" aria-hidden=\"true\" class=\"wp-block-spacer\"><\/div>\n\n\n\n<h3 class=\"wp-block-heading has-text-align-center\"><strong>Technology, control and integrated intelligence<\/strong><\/h3>\n\n\n\n<p>Three products represent the core of Hydreco\u2019s offer for agricultural machinery:<\/p>\n\n\n\n<div class=\"wp-block-media-text has-media-on-the-right is-stacked-on-mobile\" style=\"grid-template-columns:auto 33%\"><div class=\"wp-block-media-text__content\">\n<h3 class=\"wp-block-heading\">MHDC: compact and precise control<\/h3>\n\n\n\n<p>The MHDC electronic joystick is designed for the needs of modern agriculture: compact dimensions, ergonomic grip and accurate control of implements thanks to multifunction interfaces and various output options.<\/p>\n<\/div><figure class=\"wp-block-media-text__media\"><img fetchpriority=\"high\" decoding=\"async\" width=\"608\" height=\"1024\" src=\"https:\/\/www.hydreco.de\/wp-content\/uploads\/2025\/09\/Hydreco_Joystick_MHDC-EXM-608x1024.jpg\" alt=\"\" class=\"wp-image-8047 size-full\" srcset=\"https:\/\/www.hydreco.de\/wp-content\/uploads\/2025\/09\/Hydreco_Joystick_MHDC-EXM-608x1024.jpg 608w, https:\/\/www.hydreco.de\/wp-content\/uploads\/2025\/09\/Hydreco_Joystick_MHDC-EXM-178x300.jpg 178w, https:\/\/www.hydreco.de\/wp-content\/uploads\/2025\/09\/Hydreco_Joystick_MHDC-EXM-768x1293.jpg 768w, https:\/\/www.hydreco.de\/wp-content\/uploads\/2025\/09\/Hydreco_Joystick_MHDC-EXM-7x12.jpg 7w, https:\/\/www.hydreco.de\/wp-content\/uploads\/2025\/09\/Hydreco_Joystick_MHDC-EXM.jpg 800w\" sizes=\"(max-width: 608px) 100vw, 608px\" \/><\/figure><\/div>\n\n\n\n<div class=\"wp-block-media-text is-stacked-on-mobile\"><figure class=\"wp-block-media-text__media\"><img decoding=\"async\" width=\"800\" height=\"607\" src=\"https:\/\/www.hydreco.de\/wp-content\/uploads\/2025\/09\/Hydreco_ECU.jpg\" alt=\"\" class=\"wp-image-8049 size-full\" srcset=\"https:\/\/www.hydreco.de\/wp-content\/uploads\/2025\/09\/Hydreco_ECU.jpg 800w, https:\/\/www.hydreco.de\/wp-content\/uploads\/2025\/09\/Hydreco_ECU-300x228.jpg 300w, https:\/\/www.hydreco.de\/wp-content\/uploads\/2025\/09\/Hydreco_ECU-768x583.jpg 768w, https:\/\/www.hydreco.de\/wp-content\/uploads\/2025\/09\/Hydreco_ECU-16x12.jpg 16w\" sizes=\"(max-width: 800px) 100vw, 800px\" \/><\/figure><div class=\"wp-block-media-text__content\">\n<h3 class=\"wp-block-heading\">ECU CANopen: modular intelligence<\/h3>\n\n\n\n<p>The ECU electronic control unit allows flexible and scalable architectures, programmable according to the IEC61131-3 standard via LogicLab. Rugged and configurable as Master or Slave, it serves as the logical hub for managing networks of sensors and actuators.<\/p>\n<\/div><\/div>\n\n\n\n<div class=\"wp-block-media-text has-media-on-the-right is-stacked-on-mobile\" style=\"grid-template-columns:auto 35%\"><div class=\"wp-block-media-text__content\">\n<h3 class=\"wp-block-heading\">HY Series: efficiency \u201cMade in Parma\u201d<\/h3>\n\n\n\n<p>Gear pumps and motors produced at Hydreco\u2019s Parma plant (Italy). Available in aluminum and cast iron, they cover groups 1, 2 and 3 with displacements from 1 to 61 cc and pressures up to 260 bar. Robust, versatile and customisable solutions suitable for a wide range of agricultural machines.&nbsp;<\/p>\n<\/div><figure class=\"wp-block-media-text__media\"><img decoding=\"async\" width=\"800\" height=\"903\" src=\"https:\/\/www.hydreco.de\/wp-content\/uploads\/2025\/09\/Hydreco_Pump_Cutted.jpg\" alt=\"\" class=\"wp-image-8048 size-full\" srcset=\"https:\/\/www.hydreco.de\/wp-content\/uploads\/2025\/09\/Hydreco_Pump_Cutted.jpg 800w, https:\/\/www.hydreco.de\/wp-content\/uploads\/2025\/09\/Hydreco_Pump_Cutted-266x300.jpg 266w, https:\/\/www.hydreco.de\/wp-content\/uploads\/2025\/09\/Hydreco_Pump_Cutted-768x867.jpg 768w, https:\/\/www.hydreco.de\/wp-content\/uploads\/2025\/09\/Hydreco_Pump_Cutted-11x12.jpg 11w\" sizes=\"(max-width: 800px) 100vw, 800px\" \/><\/figure><\/div>\n\n\n\n<div style=\"height:20px\" aria-hidden=\"true\" class=\"wp-block-spacer\"><\/div>\n\n\n\n<p><strong>Other motion control products will also be presented at the booth, including hydraulic joysticks and foot pedals, power units, sectional valves, and hydraulic cylinders, completing Hydreco\u2019s comprehensive offer.<\/strong><\/p>\n\n\n\n<p><strong><strong>A global network to support manufacturers<\/strong><\/strong><\/p>\n\n\n\n<p>Hydreco is part of the Oil Hydraulic Division of the Daikin Group, alongside Duplomatic MS and Continental Hydraulics, with locations in Italy, the United Kingdom, Germany, Norway, the United States, India and Australia.<br>In Germany, Hydreco GmbH in Helmstedt (Lower Saxony) is today a reference point for the development of the German market in agricultural applications.<br>The recent openings of new plants in Bangalore (India) and Sydney (Australia) confirm the Group\u2019s commitment to being close to customers and markets, providing technical support and a global presence.<br><strong><em>\u201cParticipation in Agritechnica represents a strategic moment to demonstrate the strength of our integrated approach,\u201d<\/em><\/strong>said Michele Guiati, Managing Director of Hydreco Hydraulics Italia.<br><strong><em>\u201cThe future of agricultural mechanisation is made up of connected, modular and customisable solutions. With the support of the Daikin Group and an international network of expertise, Hydreco is ready to contribute concretely to this future.\u201d<\/em><\/strong><\/p>\n\n\n\n<p class=\"translation-block\">https:\/\/www.hydreco.de\/wp-content\/uploads\/2025\/10\/Hydreco_AGRITECHNICA_Press-Release_7_2025_2025-10-30.pdf<\/p>\n\n\n\n<div style=\"height:0px\" aria-hidden=\"true\" class=\"wp-block-spacer\"><\/div>\n\n\n\n<hr class=\"wp-block-separator has-alpha-channel-opacity\"\/>\n\n\n\n<div style=\"height:20px\" aria-hidden=\"true\" class=\"wp-block-spacer\"><\/div>\n\n\n\n<h4 class=\"wp-block-heading\"><br>About Hydreco Hydraulics<\/h4>\n\n\n\n<p><strong>Hydreco Hydraulics -headquartered in Poole (UK)<\/strong> - has a long and significant tradition in hydraulic components: for more than a century, it has been designing, manufacturing, and distributing products for the transport sector and for mobile hydraulic applications. The company was acquired in 2019 by the Duplomatic MS Group of Parabiago (Milan, Italy) \u2013 now part of Daikin \u2013 and closed 2024 with revenues of \u20ac138 million and over 700 employees With facilities in Italy, Norway, Germany, the USA, India, and Australia, Hydreco operates a global production and sales network.<\/p>\n\n\n\n<p>\ud83d\udccd<strong> Press contact:<\/strong><br>Sara Bernardelli \u2013 <a href=\"mailto:communications@duplomatic.com\" target=\"_blank\" rel=\"noreferrer noopener\">communications@duplomatic.com<\/a><br><a href=\"http:\/\/www.hydreco.com\">ww<\/a><a href=\"http:\/\/www.hydreco.com\" target=\"_blank\" rel=\"noreferrer noopener\">w.hydreco.co<\/a><a href=\"http:\/\/www.hydreco.com\">m<\/a> | <a href=\"http:\/\/www.hydreco.de\/en\/\" target=\"_blank\" rel=\"noreferrer noopener\">www.hydreco.de<\/a><\/p>\n\n\n\n<p><\/p>\n\n\n<\/p>\n\n\n<p><\/p>\n\n\n\n<p><\/p>","protected":false},"excerpt":{"rendered":"<p><b>Hydreco Hydraulics<\/b>, part of the Daikin Group and a global specialist in hydraulic and electronic solutions for mobile machinery, will be exhibiting at the <b>Agritechnica 2025<\/b> participate (Hanover, Germany, <b>November 9\u201315, Hall 16 \u2013 Booth C12F<\/b>, within the Federtec joint stand).<br \/>\nUnder the motto <b>\u201eDie Zukunft der Landwirtschaft gestalten\u201c<\/b> Hydreco presents itself as a technological partner for manufacturers of agricultural machinery and offers complete, modular, and customized solutions.<\/p>","protected":false},"author":1,"featured_media":8099,"comment_status":"closed","ping_status":"closed","sticky":false,"template":"","format":"standard","meta":{"footnotes":""},"categories":[34],"tags":[],"post_folder":[],"class_list":["post-8087","post","type-post","status-publish","format-standard","has-post-thumbnail","hentry","category-pressemeldungen"],"yoast_head":"<!-- This site is optimized with the Yoast SEO plugin v27.5 - https:\/\/yoast.com\/product\/yoast-seo-wordpress\/ -->\n<title>Hydreco Hydraulics auf der Agritechnica 2025 - www.hydreco.de<\/title>\n<meta name=\"robots\" content=\"index, follow, max-snippet:-1, max-image-preview:large, max-video-preview:-1\" \/>\n<link rel=\"canonical\" href=\"https:\/\/www.hydreco.de\/en\/hydreco-hydraulics-daikin-group-auf-der-agritechnica-2025-2\/\" \/>\n<meta property=\"og:locale\" content=\"en_GB\" \/>\n<meta property=\"og:type\" content=\"article\" \/>\n<meta property=\"og:title\" content=\"Hydreco Hydraulics auf der Agritechnica 2025 - www.hydreco.de\" \/>\n<meta property=\"og:description\" content=\"Hydreco Hydraulics, Teil der Daikin Group und globaler Spezialist f\u00fcr hydraulische und elektronische L\u00f6sungen f\u00fcr mobile Maschinen, wird an der Agritechnica 2025 teilnehmen (Hannover, Deutschland, 9.\u201315. November, Halle 16 \u2013 Stand C12F, innerhalb des Federtec-Gemeinschaftsstandes). Unter dem Motto \u201eShaping the Future of Agriculture\u201c pr\u00e4sentiert sich Hydreco als technologischer Partner f\u00fcr Hersteller landwirtschaftlicher Maschinen und bietet komplette, modulare und kundenspezifische L\u00f6sungen.\" \/>\n<meta property=\"og:url\" content=\"https:\/\/www.hydreco.de\/en\/hydreco-hydraulics-daikin-group-auf-der-agritechnica-2025-2\/\" \/>\n<meta property=\"og:site_name\" content=\"www.hydreco.de\" \/>\n<meta property=\"article:published_time\" content=\"2025-10-30T08:21:14+00:00\" \/>\n<meta property=\"article:modified_time\" content=\"2025-10-30T08:41:36+00:00\" \/>\n<meta property=\"og:image\" content=\"https:\/\/www.hydreco.de\/wp-content\/uploads\/2025\/10\/Hydreco-Agritechnica_Slider.jpg\" \/>\n\t<meta property=\"og:image:width\" content=\"2000\" \/>\n\t<meta property=\"og:image:height\" content=\"616\" \/>\n\t<meta property=\"og:image:type\" content=\"image\/jpeg\" \/>\n<meta name=\"author\" content=\"wp-support@ims.de\" \/>\n<meta name=\"twitter:card\" content=\"summary_large_image\" \/>\n<meta name=\"twitter:label1\" content=\"Written by\" \/>\n\t<meta name=\"twitter:data1\" content=\"wp-support@ims.de\" \/>\n\t<meta name=\"twitter:label2\" content=\"Estimated reading time\" \/>\n\t<meta name=\"twitter:data2\" content=\"4 minutes\" \/>\n<script type=\"application\/ld+json\" class=\"yoast-schema-graph\">{\"@context\":\"https:\\\/\\\/schema.org\",\"@graph\":[{\"@type\":\"Article\",\"@id\":\"https:\\\/\\\/www.hydreco.de\\\/hydreco-hydraulics-daikin-group-auf-der-agritechnica-2025-2\\\/#article\",\"isPartOf\":{\"@id\":\"https:\\\/\\\/www.hydreco.de\\\/hydreco-hydraulics-daikin-group-auf-der-agritechnica-2025-2\\\/\"},\"author\":{\"name\":\"wp-support@ims.de\",\"@id\":\"https:\\\/\\\/www.hydreco.de\\\/#\\\/schema\\\/person\\\/a9c6e513f8f2ed83ce769e5f9b4d0380\"},\"headline\":\"Hydreco Hydraulics auf der Agritechnica 2025\",\"datePublished\":\"2025-10-30T08:21:14+00:00\",\"dateModified\":\"2025-10-30T08:41:36+00:00\",\"mainEntityOfPage\":{\"@id\":\"https:\\\/\\\/www.hydreco.de\\\/hydreco-hydraulics-daikin-group-auf-der-agritechnica-2025-2\\\/\"},\"wordCount\":590,\"publisher\":{\"@id\":\"https:\\\/\\\/www.hydreco.de\\\/#organization\"},\"image\":{\"@id\":\"https:\\\/\\\/www.hydreco.de\\\/hydreco-hydraulics-daikin-group-auf-der-agritechnica-2025-2\\\/#primaryimage\"},\"thumbnailUrl\":\"https:\\\/\\\/www.hydreco.de\\\/wp-content\\\/uploads\\\/2025\\\/10\\\/Hydreco-Agritechnica_Slider.jpg\",\"articleSection\":[\"Pressemeldungen\"],\"inLanguage\":\"en-GB\"},{\"@type\":\"WebPage\",\"@id\":\"https:\\\/\\\/www.hydreco.de\\\/hydreco-hydraulics-daikin-group-auf-der-agritechnica-2025-2\\\/\",\"url\":\"https:\\\/\\\/www.hydreco.de\\\/hydreco-hydraulics-daikin-group-auf-der-agritechnica-2025-2\\\/\",\"name\":\"Hydreco Hydraulics auf der Agritechnica 2025 - www.hydreco.de\",\"isPartOf\":{\"@id\":\"https:\\\/\\\/www.hydreco.de\\\/#website\"},\"primaryImageOfPage\":{\"@id\":\"https:\\\/\\\/www.hydreco.de\\\/hydreco-hydraulics-daikin-group-auf-der-agritechnica-2025-2\\\/#primaryimage\"},\"image\":{\"@id\":\"https:\\\/\\\/www.hydreco.de\\\/hydreco-hydraulics-daikin-group-auf-der-agritechnica-2025-2\\\/#primaryimage\"},\"thumbnailUrl\":\"https:\\\/\\\/www.hydreco.de\\\/wp-content\\\/uploads\\\/2025\\\/10\\\/Hydreco-Agritechnica_Slider.jpg\",\"datePublished\":\"2025-10-30T08:21:14+00:00\",\"dateModified\":\"2025-10-30T08:41:36+00:00\",\"breadcrumb\":{\"@id\":\"https:\\\/\\\/www.hydreco.de\\\/hydreco-hydraulics-daikin-group-auf-der-agritechnica-2025-2\\\/#breadcrumb\"},\"inLanguage\":\"en-GB\",\"potentialAction\":[{\"@type\":\"ReadAction\",\"target\":[\"https:\\\/\\\/www.hydreco.de\\\/hydreco-hydraulics-daikin-group-auf-der-agritechnica-2025-2\\\/\"]}]},{\"@type\":\"ImageObject\",\"inLanguage\":\"en-GB\",\"@id\":\"https:\\\/\\\/www.hydreco.de\\\/hydreco-hydraulics-daikin-group-auf-der-agritechnica-2025-2\\\/#primaryimage\",\"url\":\"https:\\\/\\\/www.hydreco.de\\\/wp-content\\\/uploads\\\/2025\\\/10\\\/Hydreco-Agritechnica_Slider.jpg\",\"contentUrl\":\"https:\\\/\\\/www.hydreco.de\\\/wp-content\\\/uploads\\\/2025\\\/10\\\/Hydreco-Agritechnica_Slider.jpg\",\"width\":2000,\"height\":616},{\"@type\":\"BreadcrumbList\",\"@id\":\"https:\\\/\\\/www.hydreco.de\\\/hydreco-hydraulics-daikin-group-auf-der-agritechnica-2025-2\\\/#breadcrumb\",\"itemListElement\":[{\"@type\":\"ListItem\",\"position\":1,\"name\":\"Home\",\"item\":\"https:\\\/\\\/www.hydreco.de\\\/\"},{\"@type\":\"ListItem\",\"position\":2,\"name\":\"Hydreco Hydraulics auf der Agritechnica 2025\"}]},{\"@type\":\"WebSite\",\"@id\":\"https:\\\/\\\/www.hydreco.de\\\/#website\",\"url\":\"https:\\\/\\\/www.hydreco.de\\\/\",\"name\":\"www.hydreco.de\",\"description\":\"Hydraulik-L\u00f6sungen f\u00fcr alle Anwendungen\",\"publisher\":{\"@id\":\"https:\\\/\\\/www.hydreco.de\\\/#organization\"},\"potentialAction\":[{\"@type\":\"SearchAction\",\"target\":{\"@type\":\"EntryPoint\",\"urlTemplate\":\"https:\\\/\\\/www.hydreco.de\\\/?s={search_term_string}\"},\"query-input\":{\"@type\":\"PropertyValueSpecification\",\"valueRequired\":true,\"valueName\":\"search_term_string\"}}],\"inLanguage\":\"en-GB\"},{\"@type\":\"Organization\",\"@id\":\"https:\\\/\\\/www.hydreco.de\\\/#organization\",\"name\":\"www.hydreco.de\",\"url\":\"https:\\\/\\\/www.hydreco.de\\\/\",\"logo\":{\"@type\":\"ImageObject\",\"inLanguage\":\"en-GB\",\"@id\":\"https:\\\/\\\/www.hydreco.de\\\/#\\\/schema\\\/logo\\\/image\\\/\",\"url\":\"https:\\\/\\\/www.hydreco.de\\\/wp-content\\\/uploads\\\/2025\\\/06\\\/Logo-Hydreco-Move-Modern.svg\",\"contentUrl\":\"https:\\\/\\\/www.hydreco.de\\\/wp-content\\\/uploads\\\/2025\\\/06\\\/Logo-Hydreco-Move-Modern.svg\",\"width\":334.83,\"height\":45.79,\"caption\":\"www.hydreco.de\"},\"image\":{\"@id\":\"https:\\\/\\\/www.hydreco.de\\\/#\\\/schema\\\/logo\\\/image\\\/\"}},{\"@type\":\"Person\",\"@id\":\"https:\\\/\\\/www.hydreco.de\\\/#\\\/schema\\\/person\\\/a9c6e513f8f2ed83ce769e5f9b4d0380\",\"name\":\"wp-support@ims.de\",\"image\":{\"@type\":\"ImageObject\",\"inLanguage\":\"en-GB\",\"@id\":\"https:\\\/\\\/secure.gravatar.com\\\/avatar\\\/d07ad7fc342d5b062635bac2f95f886de6b7396ff67986a2ca50382fde0bb284?s=96&d=mm&r=g\",\"url\":\"https:\\\/\\\/secure.gravatar.com\\\/avatar\\\/d07ad7fc342d5b062635bac2f95f886de6b7396ff67986a2ca50382fde0bb284?s=96&d=mm&r=g\",\"contentUrl\":\"https:\\\/\\\/secure.gravatar.com\\\/avatar\\\/d07ad7fc342d5b062635bac2f95f886de6b7396ff67986a2ca50382fde0bb284?s=96&d=mm&r=g\",\"caption\":\"wp-support@ims.de\"},\"sameAs\":[\"https:\\\/\\\/www.hydreco.de\"],\"url\":\"https:\\\/\\\/www.hydreco.de\\\/en\\\/author\\\/wp-supportims-de\\\/\"}]}<\/script>\n<!-- \/ Yoast SEO plugin. -->","yoast_head_json":{"title":"Hydreco Hydraulics auf der Agritechnica 2025 - www.hydreco.de","robots":{"index":"index","follow":"follow","max-snippet":"max-snippet:-1","max-image-preview":"max-image-preview:large","max-video-preview":"max-video-preview:-1"},"canonical":"https:\/\/www.hydreco.de\/en\/hydreco-hydraulics-daikin-group-auf-der-agritechnica-2025-2\/","og_locale":"en_GB","og_type":"article","og_title":"Hydreco Hydraulics auf der Agritechnica 2025 - www.hydreco.de","og_description":"Hydreco Hydraulics, Teil der Daikin Group und globaler Spezialist f\u00fcr hydraulische und elektronische L\u00f6sungen f\u00fcr mobile Maschinen, wird an der Agritechnica 2025 teilnehmen (Hannover, Deutschland, 9.\u201315. November, Halle 16 \u2013 Stand C12F, innerhalb des Federtec-Gemeinschaftsstandes). Unter dem Motto \u201eShaping the Future of Agriculture\u201c pr\u00e4sentiert sich Hydreco als technologischer Partner f\u00fcr Hersteller landwirtschaftlicher Maschinen und bietet komplette, modulare und kundenspezifische L\u00f6sungen.","og_url":"https:\/\/www.hydreco.de\/en\/hydreco-hydraulics-daikin-group-auf-der-agritechnica-2025-2\/","og_site_name":"www.hydreco.de","article_published_time":"2025-10-30T08:21:14+00:00","article_modified_time":"2025-10-30T08:41:36+00:00","og_image":[{"width":2000,"height":616,"url":"https:\/\/www.hydreco.de\/wp-content\/uploads\/2025\/10\/Hydreco-Agritechnica_Slider.jpg","type":"image\/jpeg"}],"author":"wp-support@ims.de","twitter_card":"summary_large_image","twitter_misc":{"Written by":"wp-support@ims.de","Estimated reading time":"4 minutes"},"schema":{"@context":"https:\/\/schema.org","@graph":[{"@type":"Article","@id":"https:\/\/www.hydreco.de\/hydreco-hydraulics-daikin-group-auf-der-agritechnica-2025-2\/#article","isPartOf":{"@id":"https:\/\/www.hydreco.de\/hydreco-hydraulics-daikin-group-auf-der-agritechnica-2025-2\/"},"author":{"name":"wp-support@ims.de","@id":"https:\/\/www.hydreco.de\/#\/schema\/person\/a9c6e513f8f2ed83ce769e5f9b4d0380"},"headline":"Hydreco Hydraulics auf der Agritechnica 2025","datePublished":"2025-10-30T08:21:14+00:00","dateModified":"2025-10-30T08:41:36+00:00","mainEntityOfPage":{"@id":"https:\/\/www.hydreco.de\/hydreco-hydraulics-daikin-group-auf-der-agritechnica-2025-2\/"},"wordCount":590,"publisher":{"@id":"https:\/\/www.hydreco.de\/#organization"},"image":{"@id":"https:\/\/www.hydreco.de\/hydreco-hydraulics-daikin-group-auf-der-agritechnica-2025-2\/#primaryimage"},"thumbnailUrl":"https:\/\/www.hydreco.de\/wp-content\/uploads\/2025\/10\/Hydreco-Agritechnica_Slider.jpg","articleSection":["Pressemeldungen"],"inLanguage":"en-GB"},{"@type":"WebPage","@id":"https:\/\/www.hydreco.de\/hydreco-hydraulics-daikin-group-auf-der-agritechnica-2025-2\/","url":"https:\/\/www.hydreco.de\/hydreco-hydraulics-daikin-group-auf-der-agritechnica-2025-2\/","name":"Hydreco Hydraulics auf der Agritechnica 2025 - www.hydreco.de","isPartOf":{"@id":"https:\/\/www.hydreco.de\/#website"},"primaryImageOfPage":{"@id":"https:\/\/www.hydreco.de\/hydreco-hydraulics-daikin-group-auf-der-agritechnica-2025-2\/#primaryimage"},"image":{"@id":"https:\/\/www.hydreco.de\/hydreco-hydraulics-daikin-group-auf-der-agritechnica-2025-2\/#primaryimage"},"thumbnailUrl":"https:\/\/www.hydreco.de\/wp-content\/uploads\/2025\/10\/Hydreco-Agritechnica_Slider.jpg","datePublished":"2025-10-30T08:21:14+00:00","dateModified":"2025-10-30T08:41:36+00:00","breadcrumb":{"@id":"https:\/\/www.hydreco.de\/hydreco-hydraulics-daikin-group-auf-der-agritechnica-2025-2\/#breadcrumb"},"inLanguage":"en-GB","potentialAction":[{"@type":"ReadAction","target":["https:\/\/www.hydreco.de\/hydreco-hydraulics-daikin-group-auf-der-agritechnica-2025-2\/"]}]},{"@type":"ImageObject","inLanguage":"en-GB","@id":"https:\/\/www.hydreco.de\/hydreco-hydraulics-daikin-group-auf-der-agritechnica-2025-2\/#primaryimage","url":"https:\/\/www.hydreco.de\/wp-content\/uploads\/2025\/10\/Hydreco-Agritechnica_Slider.jpg","contentUrl":"https:\/\/www.hydreco.de\/wp-content\/uploads\/2025\/10\/Hydreco-Agritechnica_Slider.jpg","width":2000,"height":616},{"@type":"BreadcrumbList","@id":"https:\/\/www.hydreco.de\/hydreco-hydraulics-daikin-group-auf-der-agritechnica-2025-2\/#breadcrumb","itemListElement":[{"@type":"ListItem","position":1,"name":"Home","item":"https:\/\/www.hydreco.de\/"},{"@type":"ListItem","position":2,"name":"Hydreco Hydraulics auf der Agritechnica 2025"}]},{"@type":"WebSite","@id":"https:\/\/www.hydreco.de\/#website","url":"https:\/\/www.hydreco.de\/","name":"www.hydreco.de","description":"Hydraulik-L\u00f6sungen f\u00fcr alle Anwendungen","publisher":{"@id":"https:\/\/www.hydreco.de\/#organization"},"potentialAction":[{"@type":"SearchAction","target":{"@type":"EntryPoint","urlTemplate":"https:\/\/www.hydreco.de\/?s={search_term_string}"},"query-input":{"@type":"PropertyValueSpecification","valueRequired":true,"valueName":"search_term_string"}}],"inLanguage":"en-GB"},{"@type":"Organization","@id":"https:\/\/www.hydreco.de\/#organization","name":"www.hydreco.de","url":"https:\/\/www.hydreco.de\/","logo":{"@type":"ImageObject","inLanguage":"en-GB","@id":"https:\/\/www.hydreco.de\/#\/schema\/logo\/image\/","url":"https:\/\/www.hydreco.de\/wp-content\/uploads\/2025\/06\/Logo-Hydreco-Move-Modern.svg","contentUrl":"https:\/\/www.hydreco.de\/wp-content\/uploads\/2025\/06\/Logo-Hydreco-Move-Modern.svg","width":334.83,"height":45.79,"caption":"www.hydreco.de"},"image":{"@id":"https:\/\/www.hydreco.de\/#\/schema\/logo\/image\/"}},{"@type":"Person","@id":"https:\/\/www.hydreco.de\/#\/schema\/person\/a9c6e513f8f2ed83ce769e5f9b4d0380","name":"wp-support@ims.de","image":{"@type":"ImageObject","inLanguage":"en-GB","@id":"https:\/\/secure.gravatar.com\/avatar\/d07ad7fc342d5b062635bac2f95f886de6b7396ff67986a2ca50382fde0bb284?s=96&d=mm&r=g","url":"https:\/\/secure.gravatar.com\/avatar\/d07ad7fc342d5b062635bac2f95f886de6b7396ff67986a2ca50382fde0bb284?s=96&d=mm&r=g","contentUrl":"https:\/\/secure.gravatar.com\/avatar\/d07ad7fc342d5b062635bac2f95f886de6b7396ff67986a2ca50382fde0bb284?s=96&d=mm&r=g","caption":"wp-support@ims.de"},"sameAs":["https:\/\/www.hydreco.de"],"url":"https:\/\/www.hydreco.de\/en\/author\/wp-supportims-de\/"}]}},"_links":{"self":[{"href":"https:\/\/www.hydreco.de\/en\/wp-json\/wp\/v2\/posts\/8087","targetHints":{"allow":["GET"]}}],"collection":[{"href":"https:\/\/www.hydreco.de\/en\/wp-json\/wp\/v2\/posts"}],"about":[{"href":"https:\/\/www.hydreco.de\/en\/wp-json\/wp\/v2\/types\/post"}],"author":[{"embeddable":true,"href":"https:\/\/www.hydreco.de\/en\/wp-json\/wp\/v2\/users\/1"}],"replies":[{"embeddable":true,"href":"https:\/\/www.hydreco.de\/en\/wp-json\/wp\/v2\/comments?post=8087"}],"version-history":[{"count":6,"href":"https:\/\/www.hydreco.de\/en\/wp-json\/wp\/v2\/posts\/8087\/revisions"}],"predecessor-version":[{"id":8098,"href":"https:\/\/www.hydreco.de\/en\/wp-json\/wp\/v2\/posts\/8087\/revisions\/8098"}],"wp:featuredmedia":[{"embeddable":true,"href":"https:\/\/www.hydreco.de\/en\/wp-json\/wp\/v2\/media\/8099"}],"wp:attachment":[{"href":"https:\/\/www.hydreco.de\/en\/wp-json\/wp\/v2\/media?parent=8087"}],"wp:term":[{"taxonomy":"category","embeddable":true,"href":"https:\/\/www.hydreco.de\/en\/wp-json\/wp\/v2\/categories?post=8087"},{"taxonomy":"post_tag","embeddable":true,"href":"https:\/\/www.hydreco.de\/en\/wp-json\/wp\/v2\/tags?post=8087"},{"taxonomy":"post_folder","embeddable":true,"href":"https:\/\/www.hydreco.de\/en\/wp-json\/wp\/v2\/post_folder?post=8087"}],"curies":[{"name":"wp","href":"https:\/\/api.w.org\/{rel}","templated":true}]}}